{"id":1639,"date":"2023-03-19T17:51:54","date_gmt":"2023-03-19T15:51:54","guid":{"rendered":"https:\/\/www.suredyna.com\/?p=1639"},"modified":"2023-03-23T19:42:41","modified_gmt":"2023-03-23T17:42:41","slug":"position-de-suredyna-sur-la-reforme-de-lexpertise-et-du-controle-de-la-surete-nucleaire","status":"publish","type":"post","link":"https:\/\/www.suredyna.com\/fr\/position-de-suredyna-sur-la-reforme-de-lexpertise-et-du-controle-de-la-surete-nucleaire\/","title":{"rendered":"Position de SureDyna sur la r\u00e9forme de l\u2019expertise et du contr\u00f4le de la s\u00fbret\u00e9 nucl\u00e9aire"},"content":{"rendered":"\n<p>SureDyna aide tous les acteurs du nucl\u00e9aire \u00e0 am\u00e9liorer la s\u00fbret\u00e9 par le conseil, les \u00e9tudes, l\u2019ing\u00e9nierie la R et D et la formation.<\/p>\n\n\n\n<p>\u00c0 cette fin, SureDyna s\u2019adapte au contr\u00f4le et \u00e0 l\u2019expertise institutionnels de la s\u00fbret\u00e9 nucl\u00e9aire quelle que soit leur organisation.<\/p>\n\n\n\n<p>Toutefois, par son r\u00f4le de conseil et du fait que cette organisation touche le c\u0153ur de son activit\u00e9, SureDyna doit pr\u00e9ciser sa position \u00e0 cet \u00e9gard.<\/p>\n\n\n\n<p>D\u00e9but f\u00e9vrier 2023, le gouvernement a souhait\u00e9 modifier l\u2019organisation de l\u2019expertise et du contr\u00f4le de la s\u00fbret\u00e9 nucl\u00e9aire, notamment en fusionnant l\u2019ASN, autorit\u00e9 de contr\u00f4le, et l\u2019IRSN, expert institutionnel.<\/p>\n\n\n\n<p>Peu de d\u00e9tails ont \u00e9t\u00e9 donn\u00e9s sur les motifs cette d\u00e9cision&nbsp;: permettre d\u2019examiner plus rapidement et de mani\u00e8re plus fluide des demandes d\u2019autorisation, en particulier pour la construction des futurs EPR2. Les modalit\u00e9s de cette r\u00e9forme n\u2019ont pas non plus \u00e9t\u00e9 donn\u00e9es \u00e0 ce stade mais devaient \u00eatre pr\u00e9cis\u00e9es dans les semaines suivantes par le pr\u00e9sident de l\u2019ASN, le directeur g\u00e9n\u00e9ral de l\u2019IRSN et l\u2019administrateur g\u00e9n\u00e9ral du CEA.<\/p>\n\n\n\n<p>Au moment o\u00f9 sont \u00e9crites ces lignes (le 19 mars 2023), cette proposition de r\u00e9forme a \u00e9t\u00e9 rejet\u00e9e en premi\u00e8re lecture par l\u2019Assembl\u00e9e nationale.<\/p>\n\n\n\n<p>Une telle r\u00e9forme rapprocherait l\u2019organisation du contr\u00f4le et de l\u2019expertise de s\u00fbret\u00e9 nucl\u00e9aire en France de celle des \u00c9tats-Unis avec la NRC.<\/p>\n\n\n\n<p>SureDyna n\u2019est pas oppos\u00e9e \u00e0 l\u2019adaptation de l\u2019organisation de l\u2019expertise et du contr\u00f4le de la s\u00fbret\u00e9 nucl\u00e9aire.<\/p>\n\n\n\n<p>En effet, plusieurs organisations permettent une bonne expertise et un bon contr\u00f4le de la s\u00fbret\u00e9 nucl\u00e9aire&nbsp;: c\u2019est le cas de la NRC. C\u2019\u00e9tait aussi le cas de l\u2019organisation fran\u00e7aise y compris jusqu\u2019au d\u00e9but des ann\u00e9es 2000 lorsque la DSIN (direction de la s\u00fbret\u00e9 des installations nucl\u00e9aires) contr\u00f4lait la s\u00fbret\u00e9 nucl\u00e9aire en s\u2019appuyant sur l\u2019IPSN (institut de protection et de s\u00fbret\u00e9 nucl\u00e9aire du CEA).<\/p>\n\n\n\n<p>Ces organisations ont \u00e9t\u00e9 modifi\u00e9es avec la cr\u00e9ation de l\u2019IRSN et de l\u2019ASN pour s\u2019adapter aux exigences du contr\u00f4le et de l\u2019expertise. Cette adaptation pourrait se poursuivre dans de bonnes conditions avec les responsables de l\u2019ASN, de l\u2019IRSN et du CEA.<\/p>\n\n\n\n<p>Toutefois, d\u2019apr\u00e8s SureDyna, il manque une d\u00e9finition pr\u00e9cise de l\u2019objectif de l\u2019adaptation en cours de d\u00e9cision.<\/p>\n\n\n\n<p>Avant de d\u00e9cider une r\u00e9organisation \u00e0 grande \u00e9chelle, il serait n\u00e9cessaire de clarifier les points suivants&nbsp;:<\/p>\n\n\n\n<p>&nbsp;\u2013 En quoi le processus de contr\u00f4le et d\u2019expertise serait-il trop lourd et devrait-il \u00eatre fluidifi\u00e9&nbsp;?<\/p>\n\n\n\n<p>&nbsp;\u2013 Quels sont les possibilit\u00e9s d\u2019optimisation de ce processus par rapport \u00e0 la situation actuelle&nbsp;?<\/p>\n\n\n\n<p>Ainsi, il conviendrait de bien pr\u00e9ciser en quoi le syst\u00e8me actuel pourrait et devrait \u00eatre am\u00e9lior\u00e9.<\/p>\n\n\n\n<p>Ensuite, il faudrait d\u00e9terminer si ces am\u00e9liorations n\u00e9cessaires devraient passer par une r\u00e9organisation \u00e0 grande \u00e9chelle ou par une adaptation plus l\u00e9g\u00e8re du syst\u00e8me actuel.<\/p>\n\n\n\n<p>Par exp\u00e9rience, cette \u00e9valuation d\u00e9pend des sujets&nbsp;: elle doit \u00eatre fine et pr\u00e9cise.<\/p>\n","protected":false},"excerpt":{"rendered":"<p>SureDyna aide tous les acteurs du nucl\u00e9aire \u00e0 am\u00e9liorer la s\u00fbret\u00e9 par le conseil, les \u00e9tudes, l\u2019ing\u00e9nierie la R et D et la formation. \u00c0 cette fin, SureDyna s\u2019adapte au contr\u00f4le et \u00e0 l\u2019expertise institutionnels de la s\u00fbret\u00e9 nucl\u00e9aire quelle que soit leur organisation. Toutefois, par son r\u00f4le de conseil et du fait que cette [&hellip;]<\/p>\n","protected":false},"author":3,"featured_media":1648,"comment_status":"open","ping_status":"open","sticky":false,"template":"","format":"standard","meta":{"jetpack_post_was_ever_published":false,"_jetpack_newsletter_access":"","_jetpack_dont_email_post_to_subs":false,"_jetpack_newsletter_tier_id":0,"_jetpack_memberships_contains_paywalled_content":false,"_jetpack_memberships_contains_paid_content":false,"footnotes":""},"categories":[26],"tags":[],"class_list":["post-1639","post","type-post","status-publish","format-standard","has-post-thumbnail","hentry","category-actualites"],"yoast_head":"<!-- This site is optimized with the Yoast SEO plugin v27.4 - https:\/\/yoast.com\/product\/yoast-seo-wordpress\/ -->\n<title>Position de SureDyna sur la r\u00e9forme de l\u2019expertise et du contr\u00f4le de la s\u00fbret\u00e9 nucl\u00e9aire - SureDyna<\/title>\n<meta name=\"description\" content=\"SureDyna aide tous les acteurs du nucl\u00e9aire \u00e0 am\u00e9liorer la s\u00fbret\u00e9 par le conseil, les \u00e9tudes, l\u2019ing\u00e9nierie la R et D et la formation. \u00c0 cette fin,\" \/>\n<meta name=\"robots\" content=\"index, follow, max-snippet:-1, max-image-preview:large, max-video-preview:-1\" \/>\n<link rel=\"canonical\" href=\"https:\/\/www.suredyna.com\/fr\/position-de-suredyna-sur-la-reforme-de-lexpertise-et-du-controle-de-la-surete-nucleaire\/\" \/>\n<meta property=\"og:locale\" content=\"fr_FR\" \/>\n<meta property=\"og:type\" content=\"article\" \/>\n<meta property=\"og:title\" content=\"Position de SureDyna sur la r\u00e9forme de l\u2019expertise et du contr\u00f4le de la s\u00fbret\u00e9 nucl\u00e9aire - SureDyna\" \/>\n<meta property=\"og:description\" content=\"SureDyna aide tous les acteurs du nucl\u00e9aire \u00e0 am\u00e9liorer la s\u00fbret\u00e9 par le conseil, les \u00e9tudes, l\u2019ing\u00e9nierie la R et D et la formation. \u00c0 cette fin,\" \/>\n<meta property=\"og:url\" content=\"https:\/\/www.suredyna.com\/fr\/position-de-suredyna-sur-la-reforme-de-lexpertise-et-du-controle-de-la-surete-nucleaire\/\" \/>\n<meta property=\"og:site_name\" content=\"SureDyna\" \/>\n<meta property=\"article:published_time\" content=\"2023-03-19T15:51:54+00:00\" \/>\n<meta property=\"article:modified_time\" content=\"2023-03-23T17:42:41+00:00\" \/>\n<meta property=\"og:image\" content=\"https:\/\/www.suredyna.com\/wp-content\/uploads\/2023\/03\/Articles-fotolia_174028871-1.jpg\" \/>\n\t<meta property=\"og:image:width\" content=\"500\" \/>\n\t<meta property=\"og:image:height\" content=\"291\" \/>\n\t<meta property=\"og:image:type\" content=\"image\/jpeg\" \/>\n<meta name=\"author\" content=\"Francis Roy\" \/>\n<meta name=\"twitter:card\" content=\"summary_large_image\" \/>\n<meta name=\"twitter:label1\" content=\"\u00c9crit par\" \/>\n\t<meta name=\"twitter:data1\" content=\"Francis Roy\" \/>\n\t<meta name=\"twitter:label2\" content=\"Dur\u00e9e de lecture estim\u00e9e\" \/>\n\t<meta name=\"twitter:data2\" content=\"2 minutes\" \/>\n<script type=\"application\/ld+json\" class=\"yoast-schema-graph\">{\"@context\":\"https:\\\/\\\/schema.org\",\"@graph\":[{\"@type\":\"Article\",\"@id\":\"https:\\\/\\\/www.suredyna.com\\\/fr\\\/position-de-suredyna-sur-la-reforme-de-lexpertise-et-du-controle-de-la-surete-nucleaire\\\/#article\",\"isPartOf\":{\"@id\":\"https:\\\/\\\/www.suredyna.com\\\/fr\\\/position-de-suredyna-sur-la-reforme-de-lexpertise-et-du-controle-de-la-surete-nucleaire\\\/\"},\"author\":{\"name\":\"Francis Roy\",\"@id\":\"https:\\\/\\\/www.suredyna.com\\\/fr\\\/#\\\/schema\\\/person\\\/30f88e447b21eda0b95d2b9f0b44bb30\"},\"headline\":\"Position de SureDyna sur la r\u00e9forme de l\u2019expertise et du contr\u00f4le de la s\u00fbret\u00e9 nucl\u00e9aire\",\"datePublished\":\"2023-03-19T15:51:54+00:00\",\"dateModified\":\"2023-03-23T17:42:41+00:00\",\"mainEntityOfPage\":{\"@id\":\"https:\\\/\\\/www.suredyna.com\\\/fr\\\/position-de-suredyna-sur-la-reforme-de-lexpertise-et-du-controle-de-la-surete-nucleaire\\\/\"},\"wordCount\":581,\"commentCount\":2,\"image\":{\"@id\":\"https:\\\/\\\/www.suredyna.com\\\/fr\\\/position-de-suredyna-sur-la-reforme-de-lexpertise-et-du-controle-de-la-surete-nucleaire\\\/#primaryimage\"},\"thumbnailUrl\":\"https:\\\/\\\/www.suredyna.com\\\/wp-content\\\/uploads\\\/2023\\\/03\\\/Articles-fotolia_174028871-1.jpg\",\"articleSection\":[\"Actualit\u00e9s\"],\"inLanguage\":\"fr-FR\",\"potentialAction\":[{\"@type\":\"CommentAction\",\"name\":\"Comment\",\"target\":[\"https:\\\/\\\/www.suredyna.com\\\/fr\\\/position-de-suredyna-sur-la-reforme-de-lexpertise-et-du-controle-de-la-surete-nucleaire\\\/#respond\"]}]},{\"@type\":\"WebPage\",\"@id\":\"https:\\\/\\\/www.suredyna.com\\\/fr\\\/position-de-suredyna-sur-la-reforme-de-lexpertise-et-du-controle-de-la-surete-nucleaire\\\/\",\"url\":\"https:\\\/\\\/www.suredyna.com\\\/fr\\\/position-de-suredyna-sur-la-reforme-de-lexpertise-et-du-controle-de-la-surete-nucleaire\\\/\",\"name\":\"Position de SureDyna sur la r\u00e9forme de l\u2019expertise et du contr\u00f4le de la s\u00fbret\u00e9 nucl\u00e9aire - SureDyna\",\"isPartOf\":{\"@id\":\"https:\\\/\\\/www.suredyna.com\\\/fr\\\/#website\"},\"primaryImageOfPage\":{\"@id\":\"https:\\\/\\\/www.suredyna.com\\\/fr\\\/position-de-suredyna-sur-la-reforme-de-lexpertise-et-du-controle-de-la-surete-nucleaire\\\/#primaryimage\"},\"image\":{\"@id\":\"https:\\\/\\\/www.suredyna.com\\\/fr\\\/position-de-suredyna-sur-la-reforme-de-lexpertise-et-du-controle-de-la-surete-nucleaire\\\/#primaryimage\"},\"thumbnailUrl\":\"https:\\\/\\\/www.suredyna.com\\\/wp-content\\\/uploads\\\/2023\\\/03\\\/Articles-fotolia_174028871-1.jpg\",\"datePublished\":\"2023-03-19T15:51:54+00:00\",\"dateModified\":\"2023-03-23T17:42:41+00:00\",\"author\":{\"@id\":\"https:\\\/\\\/www.suredyna.com\\\/fr\\\/#\\\/schema\\\/person\\\/30f88e447b21eda0b95d2b9f0b44bb30\"},\"description\":\"SureDyna aide tous les acteurs du nucl\u00e9aire \u00e0 am\u00e9liorer la s\u00fbret\u00e9 par le conseil, les \u00e9tudes, l\u2019ing\u00e9nierie la R et D et la formation. \u00c0 cette fin,\",\"breadcrumb\":{\"@id\":\"https:\\\/\\\/www.suredyna.com\\\/fr\\\/position-de-suredyna-sur-la-reforme-de-lexpertise-et-du-controle-de-la-surete-nucleaire\\\/#breadcrumb\"},\"inLanguage\":\"fr-FR\",\"potentialAction\":[{\"@type\":\"ReadAction\",\"target\":[\"https:\\\/\\\/www.suredyna.com\\\/fr\\\/position-de-suredyna-sur-la-reforme-de-lexpertise-et-du-controle-de-la-surete-nucleaire\\\/\"]}]},{\"@type\":\"ImageObject\",\"inLanguage\":\"fr-FR\",\"@id\":\"https:\\\/\\\/www.suredyna.com\\\/fr\\\/position-de-suredyna-sur-la-reforme-de-lexpertise-et-du-controle-de-la-surete-nucleaire\\\/#primaryimage\",\"url\":\"https:\\\/\\\/www.suredyna.com\\\/wp-content\\\/uploads\\\/2023\\\/03\\\/Articles-fotolia_174028871-1.jpg\",\"contentUrl\":\"https:\\\/\\\/www.suredyna.com\\\/wp-content\\\/uploads\\\/2023\\\/03\\\/Articles-fotolia_174028871-1.jpg\",\"width\":500,\"height\":291},{\"@type\":\"BreadcrumbList\",\"@id\":\"https:\\\/\\\/www.suredyna.com\\\/fr\\\/position-de-suredyna-sur-la-reforme-de-lexpertise-et-du-controle-de-la-surete-nucleaire\\\/#breadcrumb\",\"itemListElement\":[{\"@type\":\"ListItem\",\"position\":1,\"name\":\"Accueil\",\"item\":\"https:\\\/\\\/www.suredyna.com\\\/fr\\\/accueil\\\/\"},{\"@type\":\"ListItem\",\"position\":2,\"name\":\"Position de SureDyna sur la r\u00e9forme de l\u2019expertise et du contr\u00f4le de la s\u00fbret\u00e9 nucl\u00e9aire\"}]},{\"@type\":\"WebSite\",\"@id\":\"https:\\\/\\\/www.suredyna.com\\\/fr\\\/#website\",\"url\":\"https:\\\/\\\/www.suredyna.com\\\/fr\\\/\",\"name\":\"SureDyna\",\"description\":\"La dynamique de s\u00fbret\u00e9\",\"potentialAction\":[{\"@type\":\"SearchAction\",\"target\":{\"@type\":\"EntryPoint\",\"urlTemplate\":\"https:\\\/\\\/www.suredyna.com\\\/fr\\\/?s={search_term_string}\"},\"query-input\":{\"@type\":\"PropertyValueSpecification\",\"valueRequired\":true,\"valueName\":\"search_term_string\"}}],\"inLanguage\":\"fr-FR\"},{\"@type\":\"Person\",\"@id\":\"https:\\\/\\\/www.suredyna.com\\\/fr\\\/#\\\/schema\\\/person\\\/30f88e447b21eda0b95d2b9f0b44bb30\",\"name\":\"Francis Roy\",\"image\":{\"@type\":\"ImageObject\",\"inLanguage\":\"fr-FR\",\"@id\":\"https:\\\/\\\/secure.gravatar.com\\\/avatar\\\/5237d12da87c4f48e77b6c7f0f12bf865c6a8baf1d781f5bf02479b4fb4cc4df?s=96&d=mm&r=g\",\"url\":\"https:\\\/\\\/secure.gravatar.com\\\/avatar\\\/5237d12da87c4f48e77b6c7f0f12bf865c6a8baf1d781f5bf02479b4fb4cc4df?s=96&d=mm&r=g\",\"contentUrl\":\"https:\\\/\\\/secure.gravatar.com\\\/avatar\\\/5237d12da87c4f48e77b6c7f0f12bf865c6a8baf1d781f5bf02479b4fb4cc4df?s=96&d=mm&r=g\",\"caption\":\"Francis Roy\"}}]}<\/script>\n<!-- \/ Yoast SEO plugin. -->","yoast_head_json":{"title":"Position de SureDyna sur la r\u00e9forme de l\u2019expertise et du contr\u00f4le de la s\u00fbret\u00e9 nucl\u00e9aire - SureDyna","description":"SureDyna aide tous les acteurs du nucl\u00e9aire \u00e0 am\u00e9liorer la s\u00fbret\u00e9 par le conseil, les \u00e9tudes, l\u2019ing\u00e9nierie la R et D et la formation. \u00c0 cette fin,","robots":{"index":"index","follow":"follow","max-snippet":"max-snippet:-1","max-image-preview":"max-image-preview:large","max-video-preview":"max-video-preview:-1"},"canonical":"https:\/\/www.suredyna.com\/fr\/position-de-suredyna-sur-la-reforme-de-lexpertise-et-du-controle-de-la-surete-nucleaire\/","og_locale":"fr_FR","og_type":"article","og_title":"Position de SureDyna sur la r\u00e9forme de l\u2019expertise et du contr\u00f4le de la s\u00fbret\u00e9 nucl\u00e9aire - SureDyna","og_description":"SureDyna aide tous les acteurs du nucl\u00e9aire \u00e0 am\u00e9liorer la s\u00fbret\u00e9 par le conseil, les \u00e9tudes, l\u2019ing\u00e9nierie la R et D et la formation. \u00c0 cette fin,","og_url":"https:\/\/www.suredyna.com\/fr\/position-de-suredyna-sur-la-reforme-de-lexpertise-et-du-controle-de-la-surete-nucleaire\/","og_site_name":"SureDyna","article_published_time":"2023-03-19T15:51:54+00:00","article_modified_time":"2023-03-23T17:42:41+00:00","og_image":[{"width":500,"height":291,"url":"https:\/\/www.suredyna.com\/wp-content\/uploads\/2023\/03\/Articles-fotolia_174028871-1.jpg","type":"image\/jpeg"}],"author":"Francis Roy","twitter_card":"summary_large_image","twitter_misc":{"\u00c9crit par":"Francis Roy","Dur\u00e9e de lecture estim\u00e9e":"2 minutes"},"schema":{"@context":"https:\/\/schema.org","@graph":[{"@type":"Article","@id":"https:\/\/www.suredyna.com\/fr\/position-de-suredyna-sur-la-reforme-de-lexpertise-et-du-controle-de-la-surete-nucleaire\/#article","isPartOf":{"@id":"https:\/\/www.suredyna.com\/fr\/position-de-suredyna-sur-la-reforme-de-lexpertise-et-du-controle-de-la-surete-nucleaire\/"},"author":{"name":"Francis Roy","@id":"https:\/\/www.suredyna.com\/fr\/#\/schema\/person\/30f88e447b21eda0b95d2b9f0b44bb30"},"headline":"Position de SureDyna sur la r\u00e9forme de l\u2019expertise et du contr\u00f4le de la s\u00fbret\u00e9 nucl\u00e9aire","datePublished":"2023-03-19T15:51:54+00:00","dateModified":"2023-03-23T17:42:41+00:00","mainEntityOfPage":{"@id":"https:\/\/www.suredyna.com\/fr\/position-de-suredyna-sur-la-reforme-de-lexpertise-et-du-controle-de-la-surete-nucleaire\/"},"wordCount":581,"commentCount":2,"image":{"@id":"https:\/\/www.suredyna.com\/fr\/position-de-suredyna-sur-la-reforme-de-lexpertise-et-du-controle-de-la-surete-nucleaire\/#primaryimage"},"thumbnailUrl":"https:\/\/www.suredyna.com\/wp-content\/uploads\/2023\/03\/Articles-fotolia_174028871-1.jpg","articleSection":["Actualit\u00e9s"],"inLanguage":"fr-FR","potentialAction":[{"@type":"CommentAction","name":"Comment","target":["https:\/\/www.suredyna.com\/fr\/position-de-suredyna-sur-la-reforme-de-lexpertise-et-du-controle-de-la-surete-nucleaire\/#respond"]}]},{"@type":"WebPage","@id":"https:\/\/www.suredyna.com\/fr\/position-de-suredyna-sur-la-reforme-de-lexpertise-et-du-controle-de-la-surete-nucleaire\/","url":"https:\/\/www.suredyna.com\/fr\/position-de-suredyna-sur-la-reforme-de-lexpertise-et-du-controle-de-la-surete-nucleaire\/","name":"Position de SureDyna sur la r\u00e9forme de l\u2019expertise et du contr\u00f4le de la s\u00fbret\u00e9 nucl\u00e9aire - SureDyna","isPartOf":{"@id":"https:\/\/www.suredyna.com\/fr\/#website"},"primaryImageOfPage":{"@id":"https:\/\/www.suredyna.com\/fr\/position-de-suredyna-sur-la-reforme-de-lexpertise-et-du-controle-de-la-surete-nucleaire\/#primaryimage"},"image":{"@id":"https:\/\/www.suredyna.com\/fr\/position-de-suredyna-sur-la-reforme-de-lexpertise-et-du-controle-de-la-surete-nucleaire\/#primaryimage"},"thumbnailUrl":"https:\/\/www.suredyna.com\/wp-content\/uploads\/2023\/03\/Articles-fotolia_174028871-1.jpg","datePublished":"2023-03-19T15:51:54+00:00","dateModified":"2023-03-23T17:42:41+00:00","author":{"@id":"https:\/\/www.suredyna.com\/fr\/#\/schema\/person\/30f88e447b21eda0b95d2b9f0b44bb30"},"description":"SureDyna aide tous les acteurs du nucl\u00e9aire \u00e0 am\u00e9liorer la s\u00fbret\u00e9 par le conseil, les \u00e9tudes, l\u2019ing\u00e9nierie la R et D et la formation. \u00c0 cette fin,","breadcrumb":{"@id":"https:\/\/www.suredyna.com\/fr\/position-de-suredyna-sur-la-reforme-de-lexpertise-et-du-controle-de-la-surete-nucleaire\/#breadcrumb"},"inLanguage":"fr-FR","potentialAction":[{"@type":"ReadAction","target":["https:\/\/www.suredyna.com\/fr\/position-de-suredyna-sur-la-reforme-de-lexpertise-et-du-controle-de-la-surete-nucleaire\/"]}]},{"@type":"ImageObject","inLanguage":"fr-FR","@id":"https:\/\/www.suredyna.com\/fr\/position-de-suredyna-sur-la-reforme-de-lexpertise-et-du-controle-de-la-surete-nucleaire\/#primaryimage","url":"https:\/\/www.suredyna.com\/wp-content\/uploads\/2023\/03\/Articles-fotolia_174028871-1.jpg","contentUrl":"https:\/\/www.suredyna.com\/wp-content\/uploads\/2023\/03\/Articles-fotolia_174028871-1.jpg","width":500,"height":291},{"@type":"BreadcrumbList","@id":"https:\/\/www.suredyna.com\/fr\/position-de-suredyna-sur-la-reforme-de-lexpertise-et-du-controle-de-la-surete-nucleaire\/#breadcrumb","itemListElement":[{"@type":"ListItem","position":1,"name":"Accueil","item":"https:\/\/www.suredyna.com\/fr\/accueil\/"},{"@type":"ListItem","position":2,"name":"Position de SureDyna sur la r\u00e9forme de l\u2019expertise et du contr\u00f4le de la s\u00fbret\u00e9 nucl\u00e9aire"}]},{"@type":"WebSite","@id":"https:\/\/www.suredyna.com\/fr\/#website","url":"https:\/\/www.suredyna.com\/fr\/","name":"SureDyna","description":"La dynamique de s\u00fbret\u00e9","potentialAction":[{"@type":"SearchAction","target":{"@type":"EntryPoint","urlTemplate":"https:\/\/www.suredyna.com\/fr\/?s={search_term_string}"},"query-input":{"@type":"PropertyValueSpecification","valueRequired":true,"valueName":"search_term_string"}}],"inLanguage":"fr-FR"},{"@type":"Person","@id":"https:\/\/www.suredyna.com\/fr\/#\/schema\/person\/30f88e447b21eda0b95d2b9f0b44bb30","name":"Francis Roy","image":{"@type":"ImageObject","inLanguage":"fr-FR","@id":"https:\/\/secure.gravatar.com\/avatar\/5237d12da87c4f48e77b6c7f0f12bf865c6a8baf1d781f5bf02479b4fb4cc4df?s=96&d=mm&r=g","url":"https:\/\/secure.gravatar.com\/avatar\/5237d12da87c4f48e77b6c7f0f12bf865c6a8baf1d781f5bf02479b4fb4cc4df?s=96&d=mm&r=g","contentUrl":"https:\/\/secure.gravatar.com\/avatar\/5237d12da87c4f48e77b6c7f0f12bf865c6a8baf1d781f5bf02479b4fb4cc4df?s=96&d=mm&r=g","caption":"Francis Roy"}}]}},"jetpack_featured_media_url":"https:\/\/www.suredyna.com\/wp-content\/uploads\/2023\/03\/Articles-fotolia_174028871-1.jpg","jetpack_shortlink":"https:\/\/wp.me\/p9gimB-qr","jetpack_sharing_enabled":true,"_links":{"self":[{"href":"https:\/\/www.suredyna.com\/fr\/wp-json\/wp\/v2\/posts\/1639","targetHints":{"allow":["GET"]}}],"collection":[{"href":"https:\/\/www.suredyna.com\/fr\/wp-json\/wp\/v2\/posts"}],"about":[{"href":"https:\/\/www.suredyna.com\/fr\/wp-json\/wp\/v2\/types\/post"}],"author":[{"embeddable":true,"href":"https:\/\/www.suredyna.com\/fr\/wp-json\/wp\/v2\/users\/3"}],"replies":[{"embeddable":true,"href":"https:\/\/www.suredyna.com\/fr\/wp-json\/wp\/v2\/comments?post=1639"}],"version-history":[{"count":5,"href":"https:\/\/www.suredyna.com\/fr\/wp-json\/wp\/v2\/posts\/1639\/revisions"}],"predecessor-version":[{"id":1767,"href":"https:\/\/www.suredyna.com\/fr\/wp-json\/wp\/v2\/posts\/1639\/revisions\/1767"}],"wp:featuredmedia":[{"embeddable":true,"href":"https:\/\/www.suredyna.com\/fr\/wp-json\/wp\/v2\/media\/1648"}],"wp:attachment":[{"href":"https:\/\/www.suredyna.com\/fr\/wp-json\/wp\/v2\/media?parent=1639"}],"wp:term":[{"taxonomy":"category","embeddable":true,"href":"https:\/\/www.suredyna.com\/fr\/wp-json\/wp\/v2\/categories?post=1639"},{"taxonomy":"post_tag","embeddable":true,"href":"https:\/\/www.suredyna.com\/fr\/wp-json\/wp\/v2\/tags?post=1639"}],"curies":[{"name":"wp","href":"https:\/\/api.w.org\/{rel}","templated":true}]}}